{"id":1858,"date":"2013-09-19T21:37:36","date_gmt":"2013-09-19T20:37:36","guid":{"rendered":"http:\/\/www.aikidofranchecomte.fr\/?p=1858"},"modified":"2014-09-02T22:27:51","modified_gmt":"2014-09-02T21:27:51","slug":"preparation-1er-2eme-dan-avec-d-fertane-et-n-corboz","status":"publish","type":"post","link":"http:\/\/www.aikidofranchecomte.fr\/?p=1858","title":{"rendered":"6 oct : Pr\u00e9paration 1er-2\u00e8me Dan avec D.Fertane et N.Corboz"},"content":{"rendered":"<p>Stage le 6 octobre 2013 \u00e0<strong> Doubs<\/strong> : <a href=\"http:\/\/www.aikidofranchecomte.fr\/wp-content\/uploads\/2013\/09\/Affiche_stage_Djelloul-et-Nicolas_prepa-shodan-nidan-3.pdf\">voir l&rsquo;affiche<\/a><\/p>\n","protected":false},"excerpt":{"rendered":"<p>Stage le 6 octobre 2013 \u00e0 Doubs : voir l&rsquo;affiche<\/p>\n","protected":false},"author":3,"featured_media":0,"comment_status":"closed","ping_status":"open","sticky":false,"template":"","format":"standard","meta":{"ngg_post_thumbnail":0,"footnotes":""},"categories":[28],"tags":[],"class_list":["post-1858","post","type-post","status-publish","format-standard","hentry","category-cat_archives_2014"],"_links":{"self":[{"href":"http:\/\/www.aikidofranchecomte.fr\/index.php?rest_route=\/wp\/v2\/posts\/1858","targetHints":{"allow":["GET"]}}],"collection":[{"href":"http:\/\/www.aikidofranchecomte.fr\/index.php?rest_route=\/wp\/v2\/posts"}],"about":[{"href":"http:\/\/www.aikidofranchecomte.fr\/index.php?rest_route=\/wp\/v2\/types\/post"}],"author":[{"embeddable":true,"href":"http:\/\/www.aikidofranchecomte.fr\/index.php?rest_route=\/wp\/v2\/users\/3"}],"replies":[{"embeddable":true,"href":"http:\/\/www.aikidofranchecomte.fr\/index.php?rest_route=%2Fwp%2Fv2%2Fcomments&post=1858"}],"version-history":[{"count":4,"href":"http:\/\/www.aikidofranchecomte.fr\/index.php?rest_route=\/wp\/v2\/posts\/1858\/revisions"}],"predecessor-version":[{"id":2475,"href":"http:\/\/www.aikidofranchecomte.fr\/index.php?rest_route=\/wp\/v2\/posts\/1858\/revisions\/2475"}],"wp:attachment":[{"href":"http:\/\/www.aikidofranchecomte.fr\/index.php?rest_route=%2Fwp%2Fv2%2Fmedia&parent=1858"}],"wp:term":[{"taxonomy":"category","embeddable":true,"href":"http:\/\/www.aikidofranchecomte.fr\/index.php?rest_route=%2Fwp%2Fv2%2Fcategories&post=1858"},{"taxonomy":"post_tag","embeddable":true,"href":"http:\/\/www.aikidofranchecomte.fr\/index.php?rest_route=%2Fwp%2Fv2%2Ftags&post=1858"}],"curies":[{"name":"wp","href":"https:\/\/api.w.org\/{rel}","templated":true}]}}