{"id":1588,"date":"2013-05-24T08:23:11","date_gmt":"2013-05-24T07:23:11","guid":{"rendered":"http:\/\/www.aikidofranchecomte.fr\/?p=1588"},"modified":"2013-09-13T09:09:27","modified_gmt":"2013-09-13T08:09:27","slug":"compte-rendu-du-stage-de-ligue-avec-r-dalessandro-et-jp-moine-a-besancon-du-18-au-20-mai-2013","status":"publish","type":"post","link":"http:\/\/www.aikidofranchecomte.fr\/?p=1588","title":{"rendered":"Compte-rendu du stage de ligue avec R.Dalessandro et JP.Moine \u00e0 Besan\u00e7on du 18 au 20 mai 2013"},"content":{"rendered":"<p><a href=\"http:\/\/www.aikidofranchecomte.fr\/wp-content\/uploads\/2013\/05\/Pentecote-2013_2.jpg\"><img loading=\"lazy\" decoding=\"async\" class=\"aligncenter size-full wp-image-1589\" title=\"Pentecote 2013\" src=\"http:\/\/www.aikidofranchecomte.fr\/wp-content\/uploads\/2013\/05\/Pentecote-2013_2.jpg\" alt=\"\" width=\"1024\" height=\"577\" srcset=\"http:\/\/www.aikidofranchecomte.fr\/wp-content\/uploads\/2013\/05\/Pentecote-2013_2.jpg 1024w, http:\/\/www.aikidofranchecomte.fr\/wp-content\/uploads\/2013\/05\/Pentecote-2013_2-300x169.jpg 300w, http:\/\/www.aikidofranchecomte.fr\/wp-content\/uploads\/2013\/05\/Pentecote-2013_2-150x84.jpg 150w, http:\/\/www.aikidofranchecomte.fr\/wp-content\/uploads\/2013\/05\/Pentecote-2013_2-400x225.jpg 400w\" sizes=\"auto, (max-width: 1024px) 100vw, 1024px\" \/><\/a><br \/>\nUn succ\u00e8s pour ce stage de Pentec\u00f4te 2013 : quarante-cinq pratiquants venant de diff\u00e9rentes ligues (Bourgogne, Dauphin\u00e9-Savoie, Franche-Comt\u00e9, Lorraine, Lyonnais) ont pratiqu\u00e9 durant trois jours \u00e0 la nouvelle salle de Roche-lez-Beaupr\u00e9 puis \u00e0 la Halle des Montboucons.<\/p>\n<p>Certes, le temps n\u2019\u00e9tait gu\u00e8re cl\u00e9ment ce week-end mais les pratiquants ont manifest\u00e9 rigueur et s\u00e9rieux dans la pratique ainsi que chaleur et convivialit\u00e9 tout au long de ces trois jours.<\/p>\n<p>Robert a soulign\u00e9 la n\u00e9cessit\u00e9 de retravailler et de faire vivre les fondations au travers de notre pratique.<br \/>\nJ\u2019esp\u00e8re que l\u2019\u00e9dition 2014 conna\u00eetra le m\u00eame succ\u00e8s.<br \/>\nJ.P.M.<\/p>\n","protected":false},"excerpt":{"rendered":"<p>Un succ\u00e8s pour ce stage de Pentec\u00f4te 2013 : quarante-cinq pratiquants venant de diff\u00e9rentes ligues (Bourgogne, Dauphin\u00e9-Savoie, Franche-Comt\u00e9, Lorraine, Lyonnais) ont pratiqu\u00e9 durant trois jours \u00e0 la nouvelle salle de Roche-lez-Beaupr\u00e9 puis \u00e0 la Halle des Montboucons. Certes, le temps n\u2019\u00e9tait gu\u00e8re cl\u00e9ment ce week-end mais les pratiquants ont manifest\u00e9 rigueur et s\u00e9rieux dans la [&hellip;]<\/p>\n","protected":false},"author":3,"featured_media":0,"comment_status":"closed","ping_status":"open","sticky":false,"template":"","format":"standard","meta":{"ngg_post_thumbnail":0,"footnotes":""},"categories":[26],"tags":[],"class_list":["post-1588","post","type-post","status-publish","format-standard","hentry","category-cat_archives_2013"],"_links":{"self":[{"href":"http:\/\/www.aikidofranchecomte.fr\/index.php?rest_route=\/wp\/v2\/posts\/1588","targetHints":{"allow":["GET"]}}],"collection":[{"href":"http:\/\/www.aikidofranchecomte.fr\/index.php?rest_route=\/wp\/v2\/posts"}],"about":[{"href":"http:\/\/www.aikidofranchecomte.fr\/index.php?rest_route=\/wp\/v2\/types\/post"}],"author":[{"embeddable":true,"href":"http:\/\/www.aikidofranchecomte.fr\/index.php?rest_route=\/wp\/v2\/users\/3"}],"replies":[{"embeddable":true,"href":"http:\/\/www.aikidofranchecomte.fr\/index.php?rest_route=%2Fwp%2Fv2%2Fcomments&post=1588"}],"version-history":[{"count":4,"href":"http:\/\/www.aikidofranchecomte.fr\/index.php?rest_route=\/wp\/v2\/posts\/1588\/revisions"}],"predecessor-version":[{"id":1811,"href":"http:\/\/www.aikidofranchecomte.fr\/index.php?rest_route=\/wp\/v2\/posts\/1588\/revisions\/1811"}],"wp:attachment":[{"href":"http:\/\/www.aikidofranchecomte.fr\/index.php?rest_route=%2Fwp%2Fv2%2Fmedia&parent=1588"}],"wp:term":[{"taxonomy":"category","embeddable":true,"href":"http:\/\/www.aikidofranchecomte.fr\/index.php?rest_route=%2Fwp%2Fv2%2Fcategories&post=1588"},{"taxonomy":"post_tag","embeddable":true,"href":"http:\/\/www.aikidofranchecomte.fr\/index.php?rest_route=%2Fwp%2Fv2%2Ftags&post=1588"}],"curies":[{"name":"wp","href":"https:\/\/api.w.org\/{rel}","templated":true}]}}