{"id":1580,"date":"2013-05-09T13:25:56","date_gmt":"2013-05-09T12:25:56","guid":{"rendered":"http:\/\/www.aikidofranchecomte.fr\/?p=1580"},"modified":"2013-09-13T09:01:20","modified_gmt":"2013-09-13T08:01:20","slug":"preparation-3-4e-dan-avec-c-gentil-et-jp-moine-2","status":"publish","type":"post","link":"http:\/\/www.aikidofranchecomte.fr\/?p=1580","title":{"rendered":"Pr\u00e9paration 3-4\u00e8 dan avec C.Gentil et JP.Moine"},"content":{"rendered":"<p>Stage ouvert aux 1ers dan et plus, le<strong> 2 juin 2013 \u00e0 Novillars<\/strong> : <a href=\"http:\/\/www.aikidofranchecomte.fr\/wp-content\/uploads\/2013\/05\/STAGE-DE-LIGUE-3-4Dan-Gentil-Moine1.pdf\">voir l&rsquo;affiche<\/a><\/p>\n","protected":false},"excerpt":{"rendered":"<p>Stage ouvert aux 1ers dan et plus, le 2 juin 2013 \u00e0 Novillars : voir l&rsquo;affiche<\/p>\n","protected":false},"author":3,"featured_media":0,"comment_status":"closed","ping_status":"open","sticky":false,"template":"","format":"standard","meta":{"ngg_post_thumbnail":0,"footnotes":""},"categories":[26],"tags":[],"class_list":["post-1580","post","type-post","status-publish","format-standard","hentry","category-cat_archives_2013"],"_links":{"self":[{"href":"http:\/\/www.aikidofranchecomte.fr\/index.php?rest_route=\/wp\/v2\/posts\/1580","targetHints":{"allow":["GET"]}}],"collection":[{"href":"http:\/\/www.aikidofranchecomte.fr\/index.php?rest_route=\/wp\/v2\/posts"}],"about":[{"href":"http:\/\/www.aikidofranchecomte.fr\/index.php?rest_route=\/wp\/v2\/types\/post"}],"author":[{"embeddable":true,"href":"http:\/\/www.aikidofranchecomte.fr\/index.php?rest_route=\/wp\/v2\/users\/3"}],"replies":[{"embeddable":true,"href":"http:\/\/www.aikidofranchecomte.fr\/index.php?rest_route=%2Fwp%2Fv2%2Fcomments&post=1580"}],"version-history":[{"count":6,"href":"http:\/\/www.aikidofranchecomte.fr\/index.php?rest_route=\/wp\/v2\/posts\/1580\/revisions"}],"predecessor-version":[{"id":1595,"href":"http:\/\/www.aikidofranchecomte.fr\/index.php?rest_route=\/wp\/v2\/posts\/1580\/revisions\/1595"}],"wp:attachment":[{"href":"http:\/\/www.aikidofranchecomte.fr\/index.php?rest_route=%2Fwp%2Fv2%2Fmedia&parent=1580"}],"wp:term":[{"taxonomy":"category","embeddable":true,"href":"http:\/\/www.aikidofranchecomte.fr\/index.php?rest_route=%2Fwp%2Fv2%2Fcategories&post=1580"},{"taxonomy":"post_tag","embeddable":true,"href":"http:\/\/www.aikidofranchecomte.fr\/index.php?rest_route=%2Fwp%2Fv2%2Ftags&post=1580"}],"curies":[{"name":"wp","href":"https:\/\/api.w.org\/{rel}","templated":true}]}}