{"id":1544,"date":"2013-04-11T22:25:51","date_gmt":"2013-04-11T21:25:51","guid":{"rendered":"http:\/\/www.aikidofranchecomte.fr\/?p=1544"},"modified":"2013-07-03T22:36:07","modified_gmt":"2013-07-03T21:36:07","slug":"participation-du-haut-jura-au-stage-enfants-de-hauteville","status":"publish","type":"post","link":"http:\/\/www.aikidofranchecomte.fr\/?p=1544","title":{"rendered":"Participation du Haut-Jura au stage enfants de Hauteville"},"content":{"rendered":"<p><a href=\"http:\/\/www.aikidofranchecomte.fr\/wp-content\/uploads\/2013\/04\/depart_hteville21.jpg\"><img loading=\"lazy\" decoding=\"async\" class=\"alignleft size-medium wp-image-1554\" title=\"depart_Hauteville\" src=\"http:\/\/www.aikidofranchecomte.fr\/wp-content\/uploads\/2013\/04\/depart_hteville21-300x190.jpg\" alt=\"\" width=\"300\" height=\"190\" srcset=\"http:\/\/www.aikidofranchecomte.fr\/wp-content\/uploads\/2013\/04\/depart_hteville21-300x190.jpg 300w, http:\/\/www.aikidofranchecomte.fr\/wp-content\/uploads\/2013\/04\/depart_hteville21-1024x648.jpg 1024w, http:\/\/www.aikidofranchecomte.fr\/wp-content\/uploads\/2013\/04\/depart_hteville21-150x95.jpg 150w, http:\/\/www.aikidofranchecomte.fr\/wp-content\/uploads\/2013\/04\/depart_hteville21-400x253.jpg 400w, http:\/\/www.aikidofranchecomte.fr\/wp-content\/uploads\/2013\/04\/depart_hteville21.jpg 1288w\" sizes=\"auto, (max-width: 300px) 100vw, 300px\" \/><\/a><br \/>\nCe pourrait \u00eatre un d\u00e9part en classe de mer ou en camp de vacances: des parents attentifs, des enfants tout excit\u00e9s. Non c&rsquo;\u00e9tait le d\u00e9part des enfants du Haut-Jura pour le stage de Hauteville-Lompnes organis\u00e9 par la commission jeunes de la ligue du lyonnais.<\/p>\n<p>Un d\u00e9placement qui mobilise une logistique importante avec deux camions pour transporter 140 m2 de tatamis (la contribution du Haut-Jura au stage), 5 encadrants dont une maman pour accompagner les 15 jeunes de 6 \u00e0 19 ans dont 5 filles&#8230;<\/p>\n<p>Tout cela pour aller \u00e0 100 km rejoindre tous les enfants venus du Lyonnais, Dauphin\u00e9-Savoie et de la Bourgogne .<\/p>\n<p>Apr\u00e8s un moment d&rsquo;h\u00e9sitation suite au d\u00e9c\u00e8s de Jean-Luc Fontaine, le stage avait \u00e9t\u00e9 maintenu en sa m\u00e9moire.<\/p>\n<p>Instant d&rsquo;\u00e9motion lors de la minute de silence en sa m\u00e9moire et des t\u00e9moignages d&rsquo;amiti\u00e9.<\/p>\n<p>Mais moment de bonheur intense pour assister aux cours dirig\u00e9s par Christophe Balsan 5 \u00e8me dan BE2 , un \u00e9l\u00e8ve de longue date de Jean-Luc et par l professeurs venus en nombre pour aider \u00e0 l&rsquo;animation.<\/p>\n<p>Moment de bonheur aussi de se retrouver, pour certain depuis de nombreuses ann\u00e9es, et moment de nostalgie pour les enseignants qui voient les petits grandir chaque ann\u00e9e.<\/p>\n<p>Et pour les enseignants, moment de r\u00e9confort et de convivialit\u00e9 lors du pot de bienvenue, qui ressemble un peu au banquet d&rsquo;Ast\u00e9rix \u00e0 la fin de leur tour de France , car chacun y apportant ses sp\u00e9cialit\u00e9s r\u00e9gionales.<\/p>\n<p>Apr\u00e8s une nuit de sommeil r\u00e9parateur bien au chaud dans nos gites, nous avons repris le chemin du tatami pour un travail approfondi sur les bases, dans la ligne des th\u00e8mes f\u00e9d\u00e9raux de cette ann\u00e9e.<\/p>\n<p>Mais \u00e0 17h il fallut bien remettre les tatamis dans les camions, plier les hakamas , vite \u00e9changer les adresses mails et t\u00e9l\u00e9phones, et se dire \u00e0 l&rsquo;ann\u00e9e prochaine \u00e0 Hauteville.<br \/>\nJ.M.C.<\/p>\n<p><a href=\"http:\/\/www.aikidofranchecomte.fr\/wp-content\/uploads\/2013\/04\/stage_hteville21.jpg\"><img loading=\"lazy\" decoding=\"async\" class=\"aligncenter size-large wp-image-1556\" title=\"stage_hteville2\" src=\"http:\/\/www.aikidofranchecomte.fr\/wp-content\/uploads\/2013\/04\/stage_hteville21-1024x560.jpg\" alt=\"\" width=\"640\" height=\"350\" srcset=\"http:\/\/www.aikidofranchecomte.fr\/wp-content\/uploads\/2013\/04\/stage_hteville21-1024x560.jpg 1024w, http:\/\/www.aikidofranchecomte.fr\/wp-content\/uploads\/2013\/04\/stage_hteville21-300x164.jpg 300w, http:\/\/www.aikidofranchecomte.fr\/wp-content\/uploads\/2013\/04\/stage_hteville21-150x82.jpg 150w, http:\/\/www.aikidofranchecomte.fr\/wp-content\/uploads\/2013\/04\/stage_hteville21-400x219.jpg 400w, http:\/\/www.aikidofranchecomte.fr\/wp-content\/uploads\/2013\/04\/stage_hteville21.jpg 1534w\" sizes=\"auto, (max-width: 640px) 100vw, 640px\" \/><\/a><\/p>\n","protected":false},"excerpt":{"rendered":"<p>Ce pourrait \u00eatre un d\u00e9part en classe de mer ou en camp de vacances: des parents attentifs, des enfants tout excit\u00e9s. Non c&rsquo;\u00e9tait le d\u00e9part des enfants du Haut-Jura pour le stage de Hauteville-Lompnes organis\u00e9 par la commission jeunes de la ligue du lyonnais. Un d\u00e9placement qui mobilise une logistique importante avec deux camions pour [&hellip;]<\/p>\n","protected":false},"author":3,"featured_media":0,"comment_status":"closed","ping_status":"open","sticky":false,"template":"","format":"standard","meta":{"ngg_post_thumbnail":0,"footnotes":""},"categories":[25],"tags":[],"class_list":["post-1544","post","type-post","status-publish","format-standard","hentry","category-cat_vie_clubs"],"_links":{"self":[{"href":"http:\/\/www.aikidofranchecomte.fr\/index.php?rest_route=\/wp\/v2\/posts\/1544","targetHints":{"allow":["GET"]}}],"collection":[{"href":"http:\/\/www.aikidofranchecomte.fr\/index.php?rest_route=\/wp\/v2\/posts"}],"about":[{"href":"http:\/\/www.aikidofranchecomte.fr\/index.php?rest_route=\/wp\/v2\/types\/post"}],"author":[{"embeddable":true,"href":"http:\/\/www.aikidofranchecomte.fr\/index.php?rest_route=\/wp\/v2\/users\/3"}],"replies":[{"embeddable":true,"href":"http:\/\/www.aikidofranchecomte.fr\/index.php?rest_route=%2Fwp%2Fv2%2Fcomments&post=1544"}],"version-history":[{"count":13,"href":"http:\/\/www.aikidofranchecomte.fr\/index.php?rest_route=\/wp\/v2\/posts\/1544\/revisions"}],"predecessor-version":[{"id":1769,"href":"http:\/\/www.aikidofranchecomte.fr\/index.php?rest_route=\/wp\/v2\/posts\/1544\/revisions\/1769"}],"wp:attachment":[{"href":"http:\/\/www.aikidofranchecomte.fr\/index.php?rest_route=%2Fwp%2Fv2%2Fmedia&parent=1544"}],"wp:term":[{"taxonomy":"category","embeddable":true,"href":"http:\/\/www.aikidofranchecomte.fr\/index.php?rest_route=%2Fwp%2Fv2%2Fcategories&post=1544"},{"taxonomy":"post_tag","embeddable":true,"href":"http:\/\/www.aikidofranchecomte.fr\/index.php?rest_route=%2Fwp%2Fv2%2Ftags&post=1544"}],"curies":[{"name":"wp","href":"https:\/\/api.w.org\/{rel}","templated":true}]}}