{"id":1495,"date":"2013-03-29T14:43:06","date_gmt":"2013-03-29T13:43:06","guid":{"rendered":"http:\/\/www.aikidofranchecomte.fr\/?p=1495"},"modified":"2013-07-03T22:37:17","modified_gmt":"2013-07-03T21:37:17","slug":"une-journee-daikido-dans-le-haut-jura","status":"publish","type":"post","link":"http:\/\/www.aikidofranchecomte.fr\/?p=1495","title":{"rendered":"Une journ\u00e9e d&rsquo;A\u00efkido dans le Haut-Jura"},"content":{"rendered":"<p><a href=\"http:\/\/www.aikidofranchecomte.fr\/wp-content\/uploads\/2013\/03\/enfants_H-Jura3.jpg\"><img loading=\"lazy\" decoding=\"async\" class=\"aligncenter size-full wp-image-1505\" title=\"enfants_HJura2\" src=\"http:\/\/www.aikidofranchecomte.fr\/wp-content\/uploads\/2013\/03\/enfants_H-Jura3.jpg\" alt=\"\" width=\"600\" height=\"450\" \/><\/a><br \/>\nDans le Haut-Jura, traditionnellement \u00e0 la fin de chaque trimestre, les clubs enfants organisent une petite f\u00eate ou se m\u00e9lange pratique de l&rsquo;a\u00efkido et go\u00fbter r\u00e9cr\u00e9atif.<\/p>\n<p>Avec l&rsquo;augmentation du nombre d&rsquo;adh\u00e9rents et de cours jeunes, les dojos du Haut-Jura ont d\u00e9cid\u00e9 de s&rsquo;associer pour organiser une rencontre unique chaque trimestre pour tous les enfants du Haut-Jura.<\/p>\n<p>Ce trimestre c&rsquo;est \u00e0 St Laurent en Grandvaux que se sont retrouv\u00e9s, samedi 23 mars les jeunes de Longchaumois , Morez et Saint Laurent pour une journ\u00e9e de stage anim\u00e9e par Jean-Marc Chatin assist\u00e9 de Guy Brunet.<\/p>\n<p>Un programme charg\u00e9 avec deux heures de cours le matin pour un travail \u00e0 main nu puis bokken. A midi d\u00e9jeuner en commun, au menu pizza kebab puis Babyfoot et billard pour les enfants pendant que les enseignants et les parents prenaient le caf\u00e9 ensemble.<\/p>\n<p>L&rsquo;apr\u00e8s midi \u00e0 nouveau deux heures de cours avec travail au jo puis \u00e0 mains nues .<\/p>\n<p>Pour cl\u00f4turer le tout, un go\u00fbter \u00e9tait servi en fin de stage dont il n&rsquo;est rest\u00e9 miette.<\/p>\n<p>Une bonne journ\u00e9e pour les parents et les enseignants qui ont pu faire connaissance, et pour les enfants qui repartaient fatigu\u00e9s mais heureux, leur attestation de participation \u00e0 la main.<\/p>\n<p>Prochain rendez-vous au mois de juin&#8230;. JMC<\/p>\n","protected":false},"excerpt":{"rendered":"<p>Dans le Haut-Jura, traditionnellement \u00e0 la fin de chaque trimestre, les clubs enfants organisent une petite f\u00eate ou se m\u00e9lange pratique de l&rsquo;a\u00efkido et go\u00fbter r\u00e9cr\u00e9atif. Avec l&rsquo;augmentation du nombre d&rsquo;adh\u00e9rents et de cours jeunes, les dojos du Haut-Jura ont d\u00e9cid\u00e9 de s&rsquo;associer pour organiser une rencontre unique chaque trimestre pour tous les enfants du [&hellip;]<\/p>\n","protected":false},"author":3,"featured_media":0,"comment_status":"closed","ping_status":"open","sticky":false,"template":"","format":"standard","meta":{"ngg_post_thumbnail":0,"footnotes":""},"categories":[25],"tags":[],"class_list":["post-1495","post","type-post","status-publish","format-standard","hentry","category-cat_vie_clubs"],"_links":{"self":[{"href":"http:\/\/www.aikidofranchecomte.fr\/index.php?rest_route=\/wp\/v2\/posts\/1495","targetHints":{"allow":["GET"]}}],"collection":[{"href":"http:\/\/www.aikidofranchecomte.fr\/index.php?rest_route=\/wp\/v2\/posts"}],"about":[{"href":"http:\/\/www.aikidofranchecomte.fr\/index.php?rest_route=\/wp\/v2\/types\/post"}],"author":[{"embeddable":true,"href":"http:\/\/www.aikidofranchecomte.fr\/index.php?rest_route=\/wp\/v2\/users\/3"}],"replies":[{"embeddable":true,"href":"http:\/\/www.aikidofranchecomte.fr\/index.php?rest_route=%2Fwp%2Fv2%2Fcomments&post=1495"}],"version-history":[{"count":22,"href":"http:\/\/www.aikidofranchecomte.fr\/index.php?rest_route=\/wp\/v2\/posts\/1495\/revisions"}],"predecessor-version":[{"id":1770,"href":"http:\/\/www.aikidofranchecomte.fr\/index.php?rest_route=\/wp\/v2\/posts\/1495\/revisions\/1770"}],"wp:attachment":[{"href":"http:\/\/www.aikidofranchecomte.fr\/index.php?rest_route=%2Fwp%2Fv2%2Fmedia&parent=1495"}],"wp:term":[{"taxonomy":"category","embeddable":true,"href":"http:\/\/www.aikidofranchecomte.fr\/index.php?rest_route=%2Fwp%2Fv2%2Fcategories&post=1495"},{"taxonomy":"post_tag","embeddable":true,"href":"http:\/\/www.aikidofranchecomte.fr\/index.php?rest_route=%2Fwp%2Fv2%2Ftags&post=1495"}],"curies":[{"name":"wp","href":"https:\/\/api.w.org\/{rel}","templated":true}]}}