{"id":1443,"date":"2013-03-16T17:57:04","date_gmt":"2013-03-16T16:57:04","guid":{"rendered":"http:\/\/www.aikidofranchecomte.fr\/?p=1443"},"modified":"2013-09-13T09:00:00","modified_gmt":"2013-09-13T08:00:00","slug":"stage-de-ligue-avec-r-dalessandro-et-jp-moine-4","status":"publish","type":"post","link":"http:\/\/www.aikidofranchecomte.fr\/?p=1443","title":{"rendered":"Stage de ligue avec R.Dalessandro et JP.Moine"},"content":{"rendered":"<p>Stage ouvert \u00e0 tous du 18 au 20 mai 2013 \u00e0 Besan\u00e7on (Montboucons) : <a href='http:\/\/www.aikidofranchecomte.fr\/wp-content\/uploads\/2013\/03\/stage_Pentecote_Dalessandro_Moine2013.pdf'>voir l&rsquo;affiche<\/a><\/p>\n","protected":false},"excerpt":{"rendered":"<p>Stage ouvert \u00e0 tous du 18 au 20 mai 2013 \u00e0 Besan\u00e7on (Montboucons) : voir l&rsquo;affiche<\/p>\n","protected":false},"author":3,"featured_media":0,"comment_status":"closed","ping_status":"open","sticky":false,"template":"","format":"standard","meta":{"ngg_post_thumbnail":0,"footnotes":""},"categories":[26],"tags":[],"class_list":["post-1443","post","type-post","status-publish","format-standard","hentry","category-cat_archives_2013"],"_links":{"self":[{"href":"http:\/\/www.aikidofranchecomte.fr\/index.php?rest_route=\/wp\/v2\/posts\/1443","targetHints":{"allow":["GET"]}}],"collection":[{"href":"http:\/\/www.aikidofranchecomte.fr\/index.php?rest_route=\/wp\/v2\/posts"}],"about":[{"href":"http:\/\/www.aikidofranchecomte.fr\/index.php?rest_route=\/wp\/v2\/types\/post"}],"author":[{"embeddable":true,"href":"http:\/\/www.aikidofranchecomte.fr\/index.php?rest_route=\/wp\/v2\/users\/3"}],"replies":[{"embeddable":true,"href":"http:\/\/www.aikidofranchecomte.fr\/index.php?rest_route=%2Fwp%2Fv2%2Fcomments&post=1443"}],"version-history":[{"count":4,"href":"http:\/\/www.aikidofranchecomte.fr\/index.php?rest_route=\/wp\/v2\/posts\/1443\/revisions"}],"predecessor-version":[{"id":1447,"href":"http:\/\/www.aikidofranchecomte.fr\/index.php?rest_route=\/wp\/v2\/posts\/1443\/revisions\/1447"}],"wp:attachment":[{"href":"http:\/\/www.aikidofranchecomte.fr\/index.php?rest_route=%2Fwp%2Fv2%2Fmedia&parent=1443"}],"wp:term":[{"taxonomy":"category","embeddable":true,"href":"http:\/\/www.aikidofranchecomte.fr\/index.php?rest_route=%2Fwp%2Fv2%2Fcategories&post=1443"},{"taxonomy":"post_tag","embeddable":true,"href":"http:\/\/www.aikidofranchecomte.fr\/index.php?rest_route=%2Fwp%2Fv2%2Ftags&post=1443"}],"curies":[{"name":"wp","href":"https:\/\/api.w.org\/{rel}","templated":true}]}}