{"id":1342,"date":"2013-01-06T09:26:19","date_gmt":"2013-01-06T08:26:19","guid":{"rendered":"http:\/\/www.aikidofranchecomte.fr\/?p=1342"},"modified":"2013-09-13T09:06:40","modified_gmt":"2013-09-13T08:06:40","slug":"meilleurs-voeux-pour-2013","status":"publish","type":"post","link":"http:\/\/www.aikidofranchecomte.fr\/?p=1342","title":{"rendered":"Meilleurs voeux pour 2013"},"content":{"rendered":"<p>Apr\u00e8s des f\u00eates s\u00fbrement bien arros\u00e9es et avant la r\u00e9ouverture de nos clubs, je vous pr\u00e9sente au nom du comit\u00e9 directeur de la ligue de Franche-Comt\u00e9 mes meilleurs voeux pour <\/p>\n<p>l&rsquo;ann\u00e9e 2013. <\/p>\n<p>Puisse-t-elle vous apporter sant\u00e9, bonheur et r\u00e9ussite dans vos projets.<\/p>\n<p>Je forme des voeux pour que nos clubs continuent de se d\u00e9velopper et que la ligue garde son dynamisme en ce d\u00e9but d&rsquo;olympiade. <\/p>\n<p>Au plaisir de vous retrouver sur les tatamis de Franche-Comt\u00e9,<\/p>\n<p>Cordialement,<\/p>\n<p>Jean-Paul<\/p>\n","protected":false},"excerpt":{"rendered":"<p>Apr\u00e8s des f\u00eates s\u00fbrement bien arros\u00e9es et avant la r\u00e9ouverture de nos clubs, je vous pr\u00e9sente au nom du comit\u00e9 directeur de la ligue de Franche-Comt\u00e9 mes meilleurs voeux pour l&rsquo;ann\u00e9e 2013. Puisse-t-elle vous apporter sant\u00e9, bonheur et r\u00e9ussite dans vos projets. Je forme des voeux pour que nos clubs continuent de se d\u00e9velopper et [&hellip;]<\/p>\n","protected":false},"author":3,"featured_media":0,"comment_status":"closed","ping_status":"open","sticky":false,"template":"","format":"standard","meta":{"ngg_post_thumbnail":0,"footnotes":""},"categories":[26],"tags":[],"class_list":["post-1342","post","type-post","status-publish","format-standard","hentry","category-cat_archives_2013"],"_links":{"self":[{"href":"http:\/\/www.aikidofranchecomte.fr\/index.php?rest_route=\/wp\/v2\/posts\/1342","targetHints":{"allow":["GET"]}}],"collection":[{"href":"http:\/\/www.aikidofranchecomte.fr\/index.php?rest_route=\/wp\/v2\/posts"}],"about":[{"href":"http:\/\/www.aikidofranchecomte.fr\/index.php?rest_route=\/wp\/v2\/types\/post"}],"author":[{"embeddable":true,"href":"http:\/\/www.aikidofranchecomte.fr\/index.php?rest_route=\/wp\/v2\/users\/3"}],"replies":[{"embeddable":true,"href":"http:\/\/www.aikidofranchecomte.fr\/index.php?rest_route=%2Fwp%2Fv2%2Fcomments&post=1342"}],"version-history":[{"count":4,"href":"http:\/\/www.aikidofranchecomte.fr\/index.php?rest_route=\/wp\/v2\/posts\/1342\/revisions"}],"predecessor-version":[{"id":1805,"href":"http:\/\/www.aikidofranchecomte.fr\/index.php?rest_route=\/wp\/v2\/posts\/1342\/revisions\/1805"}],"wp:attachment":[{"href":"http:\/\/www.aikidofranchecomte.fr\/index.php?rest_route=%2Fwp%2Fv2%2Fmedia&parent=1342"}],"wp:term":[{"taxonomy":"category","embeddable":true,"href":"http:\/\/www.aikidofranchecomte.fr\/index.php?rest_route=%2Fwp%2Fv2%2Fcategories&post=1342"},{"taxonomy":"post_tag","embeddable":true,"href":"http:\/\/www.aikidofranchecomte.fr\/index.php?rest_route=%2Fwp%2Fv2%2Ftags&post=1342"}],"curies":[{"name":"wp","href":"https:\/\/api.w.org\/{rel}","templated":true}]}}