{"id":1165,"date":"2012-06-17T10:55:55","date_gmt":"2012-06-17T09:55:55","guid":{"rendered":"http:\/\/www.aikidofranchecomte.fr\/?p=1165"},"modified":"2012-09-29T17:04:00","modified_gmt":"2012-09-29T16:04:00","slug":"informations-des-stages-dete-pour-2012","status":"publish","type":"post","link":"http:\/\/www.aikidofranchecomte.fr\/?p=1165","title":{"rendered":"Informations des stages d&rsquo;\u00e9t\u00e9 pour 2012"},"content":{"rendered":"<p>Liste des stages de l\u2019\u00e9t\u00e9 2012 f\u00e9d\u00e9raux ou dirig\u00e9s par des Charg\u00e9s d\u2019Enseignement National ou des Enseignants de la FFAB : <a href='http:\/\/www.aikidofranchecomte.fr\/wp-content\/uploads\/2012\/06\/info-stages-ete-2012.pdf'>info-stages-ete-2012<\/a> <\/p>\n","protected":false},"excerpt":{"rendered":"<p>Liste des stages de l\u2019\u00e9t\u00e9 2012 f\u00e9d\u00e9raux ou dirig\u00e9s par des Charg\u00e9s d\u2019Enseignement National ou des Enseignants de la FFAB : info-stages-ete-2012<\/p>\n","protected":false},"author":3,"featured_media":0,"comment_status":"closed","ping_status":"open","sticky":false,"template":"","format":"standard","meta":{"ngg_post_thumbnail":0,"footnotes":""},"categories":[23],"tags":[],"class_list":["post-1165","post","type-post","status-publish","format-standard","hentry","category-cat_archeves_2012"],"_links":{"self":[{"href":"http:\/\/www.aikidofranchecomte.fr\/index.php?rest_route=\/wp\/v2\/posts\/1165","targetHints":{"allow":["GET"]}}],"collection":[{"href":"http:\/\/www.aikidofranchecomte.fr\/index.php?rest_route=\/wp\/v2\/posts"}],"about":[{"href":"http:\/\/www.aikidofranchecomte.fr\/index.php?rest_route=\/wp\/v2\/types\/post"}],"author":[{"embeddable":true,"href":"http:\/\/www.aikidofranchecomte.fr\/index.php?rest_route=\/wp\/v2\/users\/3"}],"replies":[{"embeddable":true,"href":"http:\/\/www.aikidofranchecomte.fr\/index.php?rest_route=%2Fwp%2Fv2%2Fcomments&post=1165"}],"version-history":[{"count":3,"href":"http:\/\/www.aikidofranchecomte.fr\/index.php?rest_route=\/wp\/v2\/posts\/1165\/revisions"}],"predecessor-version":[{"id":1250,"href":"http:\/\/www.aikidofranchecomte.fr\/index.php?rest_route=\/wp\/v2\/posts\/1165\/revisions\/1250"}],"wp:attachment":[{"href":"http:\/\/www.aikidofranchecomte.fr\/index.php?rest_route=%2Fwp%2Fv2%2Fmedia&parent=1165"}],"wp:term":[{"taxonomy":"category","embeddable":true,"href":"http:\/\/www.aikidofranchecomte.fr\/index.php?rest_route=%2Fwp%2Fv2%2Fcategories&post=1165"},{"taxonomy":"post_tag","embeddable":true,"href":"http:\/\/www.aikidofranchecomte.fr\/index.php?rest_route=%2Fwp%2Fv2%2Ftags&post=1165"}],"curies":[{"name":"wp","href":"https:\/\/api.w.org\/{rel}","templated":true}]}}