{"id":1121,"date":"2012-04-15T21:32:35","date_gmt":"2012-04-15T20:32:35","guid":{"rendered":"http:\/\/www.aikidofranchecomte.fr\/?p=1121"},"modified":"2012-09-29T17:03:13","modified_gmt":"2012-09-29T16:03:13","slug":"preparation-3-4eme-dan-avec-c-gentil-et-jp-moine","status":"publish","type":"post","link":"http:\/\/www.aikidofranchecomte.fr\/?p=1121","title":{"rendered":"Pr\u00e9paration 3-4\u00e8me dan avec C.Gentil et JP.Moine"},"content":{"rendered":"<p>Stage ouvert aux 1er dan et plus, le 6 Mai 2012 \u00e0 Novillars : <a href='http:\/\/www.aikidofranchecomte.fr\/wp-content\/uploads\/2012\/04\/affiche-prepa-3-4dan6052012.pdf'>affiche prepa 3-4dan6052012<\/a><\/p>\n","protected":false},"excerpt":{"rendered":"<p>Stage ouvert aux 1er dan et plus, le 6 Mai 2012 \u00e0 Novillars : affiche prepa 3-4dan6052012<\/p>\n","protected":false},"author":3,"featured_media":0,"comment_status":"closed","ping_status":"open","sticky":false,"template":"","format":"standard","meta":{"ngg_post_thumbnail":0,"footnotes":""},"categories":[23],"tags":[],"class_list":["post-1121","post","type-post","status-publish","format-standard","hentry","category-cat_archeves_2012"],"_links":{"self":[{"href":"http:\/\/www.aikidofranchecomte.fr\/index.php?rest_route=\/wp\/v2\/posts\/1121","targetHints":{"allow":["GET"]}}],"collection":[{"href":"http:\/\/www.aikidofranchecomte.fr\/index.php?rest_route=\/wp\/v2\/posts"}],"about":[{"href":"http:\/\/www.aikidofranchecomte.fr\/index.php?rest_route=\/wp\/v2\/types\/post"}],"author":[{"embeddable":true,"href":"http:\/\/www.aikidofranchecomte.fr\/index.php?rest_route=\/wp\/v2\/users\/3"}],"replies":[{"embeddable":true,"href":"http:\/\/www.aikidofranchecomte.fr\/index.php?rest_route=%2Fwp%2Fv2%2Fcomments&post=1121"}],"version-history":[{"count":5,"href":"http:\/\/www.aikidofranchecomte.fr\/index.php?rest_route=\/wp\/v2\/posts\/1121\/revisions"}],"predecessor-version":[{"id":1247,"href":"http:\/\/www.aikidofranchecomte.fr\/index.php?rest_route=\/wp\/v2\/posts\/1121\/revisions\/1247"}],"wp:attachment":[{"href":"http:\/\/www.aikidofranchecomte.fr\/index.php?rest_route=%2Fwp%2Fv2%2Fmedia&parent=1121"}],"wp:term":[{"taxonomy":"category","embeddable":true,"href":"http:\/\/www.aikidofranchecomte.fr\/index.php?rest_route=%2Fwp%2Fv2%2Fcategories&post=1121"},{"taxonomy":"post_tag","embeddable":true,"href":"http:\/\/www.aikidofranchecomte.fr\/index.php?rest_route=%2Fwp%2Fv2%2Ftags&post=1121"}],"curies":[{"name":"wp","href":"https:\/\/api.w.org\/{rel}","templated":true}]}}