{"id":1034,"date":"2012-03-25T21:55:05","date_gmt":"2012-03-25T20:55:05","guid":{"rendered":"http:\/\/www.aikidofranchecomte.fr\/?p=1034"},"modified":"2012-09-29T16:53:57","modified_gmt":"2012-09-29T15:53:57","slug":"journee-hommage-a-maitre-tamura-le-4mars-2012","status":"publish","type":"post","link":"http:\/\/www.aikidofranchecomte.fr\/?p=1034","title":{"rendered":"Journ\u00e9e Hommage \u00e0 ma\u00eetre Tamura  le 4mars 2012"},"content":{"rendered":"<p><a href=\"http:\/\/www.aikidofranchecomte.fr\/wp-content\/uploads\/2012\/03\/hommage-Tamura-groupe.jpg\"><img loading=\"lazy\" decoding=\"async\" src=\"http:\/\/www.aikidofranchecomte.fr\/wp-content\/uploads\/2012\/03\/hommage-Tamura-groupe.jpg\" alt=\"\" title=\"hommage-Tamura-groupe\" width=\"630\" height=\"470\" class=\"aligncenter size-full wp-image-1045\" srcset=\"http:\/\/www.aikidofranchecomte.fr\/wp-content\/uploads\/2012\/03\/hommage-Tamura-groupe.jpg 630w, http:\/\/www.aikidofranchecomte.fr\/wp-content\/uploads\/2012\/03\/hommage-Tamura-groupe-300x223.jpg 300w\" sizes=\"auto, (max-width: 630px) 100vw, 630px\" \/><\/a><br \/>\nTAMURA  Sense\u00ef nous quittait il y a d\u00e9j\u00e0 plus d\u20191 an \u00bd, le 9 juillet 2010.<br \/>\nBien que n\u00e9 en 1933, ce ma\u00eetre nous semblait \u00ab \u00e9ternel \u00bb, et de le voir sur les tapis d\u00e9montrer les chutes-avant \u00e0 77 ans, avec une souplesse presque irr\u00e9elle, nous confortait dans cette illusion.<br \/>\nQuelques mois avant qu\u2019il ne s\u2019\u00e9teigne, TAMURA \u00e9tait encore parmi nous sur les tapis, comme pour faire reculer au plus loin les limites du possible, la maladie.<br \/>\nDe son d\u00e9part, il nous a fallu d\u00e9passer la peine et le d\u00e9sarroi.<br \/>\nPour  chacun de ceux qui avaient eu l\u2019opportunit\u00e9 de le voir, c\u2019\u00e9tait la  d\u00e9monstration d\u2019une ma\u00eetrise exceptionnelle de la technique, \u00e9lev\u00e9e au stade  abouti  \u00abd\u2019ART \u00bb   martial !!!<br \/>\n1982, date de la naissance de la FFAB, sous son impulsion, faisant  fi des difficult\u00e9s de l\u2019\u00e9poque, dans la fid\u00e9lit\u00e9 \u00e0 lui-m\u00eame pour enseigner un A\u00efkido \u00e0 sa mesure :<br \/>\n\u00ab  Sa pratique de l\u2019a\u00efkido n\u2019\u00e9tait pas uniquement celle d\u2019un \u00eatre qui transmettait \u00e0 un autre, mais le jaillissement de la vie chez l\u2019un, qui s\u2019adressait \u00e0 la vie chez l\u2019autre \u00bb (texte de Jean Paul AVY).<br \/>\nForte de son enseignement et de son charisme exceptionnel, la FFAB  \u00e0 l\u2019heure actuelle repr\u00e9sente  la f\u00e9d\u00e9ration la plus importante de France, avec 30 000 licences !!! <\/p>\n<p>Pour honorer sa m\u00e9moire, s\u2019est impos\u00e9e l\u2019\u00e9vidence d\u2019une date comm\u00e9morative \u00e0 proposer une fois par an, pour des manifestations \u00e0 d\u00e9finir sous des multiples aspects, au niveau des clubs, des ligues ou de la f\u00e9d\u00e9ration\u2026<br \/>\nR\u00e9flexion faite au niveau  f\u00e9d\u00e9rale pour proposer  la date anniversaire de  TAMURA sense\u00ef  du 2 mars, pour la r\u00e9alisation d\u2019actions comm\u00e9moratives.<br \/>\nAinsi, sous l\u2019organisation de la ligue de Franche Comt\u00e9, la premi\u00e8re \u00abJourn\u00e9e Hommage \u00e0 Ma\u00eetre TAMURA\u00bb, s\u2019est r\u00e9alis\u00e9e  le dimanche 4 mars, \u00e0 NOVILLARS.<br \/>\nJourn\u00e9e anim\u00e9e par 6 enseignants de la ligue ; merci \u00e0 Truc Mai AUBRY (4\u00e8 dan), Sandrine BEAUSEIGNEUR (4\u00e8 dan), Nicolas CORBOZ (4\u00e8 dan), R\u00e9gis MERMET (5\u00e8 dan), Jean Paul MOINE (6\u00e8 dan) et Richard PEREZ (4\u00e8 dan).<br \/>\nSur le tapis le plaisir de r\u00e9unir plus de 35 participants, repr\u00e9sentant 11 clubs de la ligue\u2026<br \/>\nAmbiance assur\u00e9e !! Pour s\u2019en persuader les photos parlent d\u2019elles-m\u00eames&#8230; !!!<\/p>\n<table>\n<tr>\n<td>\n<a href=\"http:\/\/www.aikidofranchecomte.fr\/wp-content\/uploads\/2012\/03\/hommage-Tamura-regis.jpg\"><img loading=\"lazy\" decoding=\"async\" src=\"http:\/\/www.aikidofranchecomte.fr\/wp-content\/uploads\/2012\/03\/hommage-Tamura-regis-300x223.jpg\" alt=\"\" title=\"R\u00e9gis et Nicolas\" width=\"300\" height=\"223\" class=\"alignleft size-medium wp-image-1036\" srcset=\"http:\/\/www.aikidofranchecomte.fr\/wp-content\/uploads\/2012\/03\/hommage-Tamura-regis-300x223.jpg 300w, http:\/\/www.aikidofranchecomte.fr\/wp-content\/uploads\/2012\/03\/hommage-Tamura-regis.jpg 630w\" sizes=\"auto, (max-width: 300px) 100vw, 300px\" \/><\/a>\n        <\/td>\n<td vAlign=\"bottom\">\nMerci \u00e0 tous ceux pr\u00e9sents lors de cette<br \/>\njourn\u00e9e pour le plaisir et la bonne humeur<br \/>\n ressentis sur les tapis.\n\t<\/td>\n<\/tr>\n<tr>\n<td>\nIllustration par cette journ\u00e9e, de ce que Jean Paul AVY (Pr\u00e9sident du D\u00e9partement  technique) exprime dans un courrier \u00ab Hommage \u00e0 Ma\u00eetre TAMURA \u00bb disponible sur le site de la F\u00e9d\u00e9ration <a href=\"http:\/\/www.ffabaikido.fr\/fr\/pdf\/2hommage.pdf\" title=\"texte JP Avy\" target=\"_blank\">http:\/\/www.ffabaikido.fr\/fr\/pdf\/2hommage.pdf<\/a>\n        <\/td>\n<td>\n <a href=\"http:\/\/www.aikidofranchecomte.fr\/wp-content\/uploads\/2012\/03\/hommage-Tamura-arnaud.jpg\"><img loading=\"lazy\" decoding=\"async\" src=\"http:\/\/www.aikidofranchecomte.fr\/wp-content\/uploads\/2012\/03\/hommage-Tamura-arnaud-300x224.jpg\" alt=\"\" title=\"hommage-Tamura-arnaud\" width=\"300\" height=\"224\" class=\"alignright size-medium wp-image-1039\" srcset=\"http:\/\/www.aikidofranchecomte.fr\/wp-content\/uploads\/2012\/03\/hommage-Tamura-arnaud-300x224.jpg 300w, http:\/\/www.aikidofranchecomte.fr\/wp-content\/uploads\/2012\/03\/hommage-Tamura-arnaud.jpg 629w\" sizes=\"auto, (max-width: 300px) 100vw, 300px\" \/><\/a>\n       <\/td>\n<\/tr>\n<tr>\n<td>\n<a href=\"http:\/\/www.aikidofranchecomte.fr\/wp-content\/uploads\/2012\/03\/hommage-Tamura-tomSaverio.jpg\"><img loading=\"lazy\" decoding=\"async\" src=\"http:\/\/www.aikidofranchecomte.fr\/wp-content\/uploads\/2012\/03\/hommage-Tamura-tomSaverio-300x224.jpg\" alt=\"\" title=\"hommage-Tamura-tomSaverio\" width=\"300\" height=\"224\" class=\"alignleft size-medium wp-image-1041\" srcset=\"http:\/\/www.aikidofranchecomte.fr\/wp-content\/uploads\/2012\/03\/hommage-Tamura-tomSaverio-300x224.jpg 300w, http:\/\/www.aikidofranchecomte.fr\/wp-content\/uploads\/2012\/03\/hommage-Tamura-tomSaverio.jpg 629w\" sizes=\"auto, (max-width: 300px) 100vw, 300px\" \/><\/a>\n      <\/td>\n<td>\n<p>\u00ab Conservons ce qu\u2019il consid\u00e9rait comme<br \/>\n essentiel, \u00e0 savoir la joie dans la pratique,<br \/>\n la distance heureuse de l\u2019humour, qui<br \/>\nsont les cl\u00e9s de la r\u00e9ussite et du bonheur \u00bb.\n      <\/td>\n<\/tr>\n<tr>\n<td>\nAmiti\u00e9s \u00e0 toutes et tous<br \/>\nSandrine BEAUSEIGNEUR<br \/>\nPr\u00e9sidente ligue Franche Comt\u00e9 FFAB\n      <\/td>\n<td>\n<a href=\"http:\/\/www.aikidofranchecomte.fr\/wp-content\/uploads\/2012\/03\/hommage-Tamura-anonyme.jpg\"><img loading=\"lazy\" decoding=\"async\" src=\"http:\/\/www.aikidofranchecomte.fr\/wp-content\/uploads\/2012\/03\/hommage-Tamura-anonyme-300x223.jpg\" alt=\"\" title=\"hommage-Tamura-anonyme\" width=\"300\" height=\"223\" class=\"alignright size-medium wp-image-1043\" srcset=\"http:\/\/www.aikidofranchecomte.fr\/wp-content\/uploads\/2012\/03\/hommage-Tamura-anonyme-300x223.jpg 300w, http:\/\/www.aikidofranchecomte.fr\/wp-content\/uploads\/2012\/03\/hommage-Tamura-anonyme.jpg 630w\" sizes=\"auto, (max-width: 300px) 100vw, 300px\" \/><\/a>\n     <\/td>\n<\/tr>\n<\/table>\n","protected":false},"excerpt":{"rendered":"<p>TAMURA Sense\u00ef nous quittait il y a d\u00e9j\u00e0 plus d\u20191 an \u00bd, le 9 juillet 2010. Bien que n\u00e9 en 1933, ce ma\u00eetre nous semblait \u00ab \u00e9ternel \u00bb, et de le voir sur les tapis d\u00e9montrer les chutes-avant \u00e0 77 ans, avec une souplesse presque irr\u00e9elle, nous confortait dans cette illusion. Quelques mois avant qu\u2019il [&hellip;]<\/p>\n","protected":false},"author":3,"featured_media":0,"comment_status":"closed","ping_status":"open","sticky":false,"template":"","format":"standard","meta":{"ngg_post_thumbnail":0,"footnotes":""},"categories":[23],"tags":[],"class_list":["post-1034","post","type-post","status-publish","format-standard","hentry","category-cat_archeves_2012"],"_links":{"self":[{"href":"http:\/\/www.aikidofranchecomte.fr\/index.php?rest_route=\/wp\/v2\/posts\/1034","targetHints":{"allow":["GET"]}}],"collection":[{"href":"http:\/\/www.aikidofranchecomte.fr\/index.php?rest_route=\/wp\/v2\/posts"}],"about":[{"href":"http:\/\/www.aikidofranchecomte.fr\/index.php?rest_route=\/wp\/v2\/types\/post"}],"author":[{"embeddable":true,"href":"http:\/\/www.aikidofranchecomte.fr\/index.php?rest_route=\/wp\/v2\/users\/3"}],"replies":[{"embeddable":true,"href":"http:\/\/www.aikidofranchecomte.fr\/index.php?rest_route=%2Fwp%2Fv2%2Fcomments&post=1034"}],"version-history":[{"count":67,"href":"http:\/\/www.aikidofranchecomte.fr\/index.php?rest_route=\/wp\/v2\/posts\/1034\/revisions"}],"predecessor-version":[{"id":1235,"href":"http:\/\/www.aikidofranchecomte.fr\/index.php?rest_route=\/wp\/v2\/posts\/1034\/revisions\/1235"}],"wp:attachment":[{"href":"http:\/\/www.aikidofranchecomte.fr\/index.php?rest_route=%2Fwp%2Fv2%2Fmedia&parent=1034"}],"wp:term":[{"taxonomy":"category","embeddable":true,"href":"http:\/\/www.aikidofranchecomte.fr\/index.php?rest_route=%2Fwp%2Fv2%2Fcategories&post=1034"},{"taxonomy":"post_tag","embeddable":true,"href":"http:\/\/www.aikidofranchecomte.fr\/index.php?rest_route=%2Fwp%2Fv2%2Ftags&post=1034"}],"curies":[{"name":"wp","href":"https:\/\/api.w.org\/{rel}","templated":true}]}}