{"id":1026,"date":"2012-03-19T22:00:24","date_gmt":"2012-03-19T21:00:24","guid":{"rendered":"http:\/\/www.aikidofranchecomte.fr\/?p=1026"},"modified":"2012-09-29T17:01:16","modified_gmt":"2012-09-29T16:01:16","slug":"stage-de-ligue-avec-b-si-guesmi-a-besancon","status":"publish","type":"post","link":"http:\/\/www.aikidofranchecomte.fr\/?p=1026","title":{"rendered":"Stage de ligue avec B. Si Guesmi \u00e0 Besan\u00e7on"},"content":{"rendered":"<p>Stage ouvert \u00e0 tous le 31 Mars et 1er Avril 2012 \u00e0 <strong>Besan\u00e7on-BUC<\/strong> :<a href='http:\/\/www.aikidofranchecomte.fr\/wp-content\/uploads\/2012\/03\/affiche-stage-ligue-Siguesmi-31-01-Avril.pdf'>affiche stage ligue Siguesmi 31-01 Avril<\/a><\/p>\n","protected":false},"excerpt":{"rendered":"<p>Stage ouvert \u00e0 tous le 31 Mars et 1er Avril 2012 \u00e0 Besan\u00e7on-BUC :affiche stage ligue Siguesmi 31-01 Avril<\/p>\n","protected":false},"author":3,"featured_media":0,"comment_status":"closed","ping_status":"open","sticky":false,"template":"","format":"standard","meta":{"ngg_post_thumbnail":0,"footnotes":""},"categories":[23],"tags":[],"class_list":["post-1026","post","type-post","status-publish","format-standard","hentry","category-cat_archeves_2012"],"_links":{"self":[{"href":"http:\/\/www.aikidofranchecomte.fr\/index.php?rest_route=\/wp\/v2\/posts\/1026","targetHints":{"allow":["GET"]}}],"collection":[{"href":"http:\/\/www.aikidofranchecomte.fr\/index.php?rest_route=\/wp\/v2\/posts"}],"about":[{"href":"http:\/\/www.aikidofranchecomte.fr\/index.php?rest_route=\/wp\/v2\/types\/post"}],"author":[{"embeddable":true,"href":"http:\/\/www.aikidofranchecomte.fr\/index.php?rest_route=\/wp\/v2\/users\/3"}],"replies":[{"embeddable":true,"href":"http:\/\/www.aikidofranchecomte.fr\/index.php?rest_route=%2Fwp%2Fv2%2Fcomments&post=1026"}],"version-history":[{"count":8,"href":"http:\/\/www.aikidofranchecomte.fr\/index.php?rest_route=\/wp\/v2\/posts\/1026\/revisions"}],"predecessor-version":[{"id":1244,"href":"http:\/\/www.aikidofranchecomte.fr\/index.php?rest_route=\/wp\/v2\/posts\/1026\/revisions\/1244"}],"wp:attachment":[{"href":"http:\/\/www.aikidofranchecomte.fr\/index.php?rest_route=%2Fwp%2Fv2%2Fmedia&parent=1026"}],"wp:term":[{"taxonomy":"category","embeddable":true,"href":"http:\/\/www.aikidofranchecomte.fr\/index.php?rest_route=%2Fwp%2Fv2%2Fcategories&post=1026"},{"taxonomy":"post_tag","embeddable":true,"href":"http:\/\/www.aikidofranchecomte.fr\/index.php?rest_route=%2Fwp%2Fv2%2Ftags&post=1026"}],"curies":[{"name":"wp","href":"https:\/\/api.w.org\/{rel}","templated":true}]}}